{"id":226224,"date":"2025-08-11T12:55:35","date_gmt":"2025-08-11T10:55:35","guid":{"rendered":"https:\/\/www.summer-breeze.de\/?p=226224"},"modified":"2025-08-13T17:38:35","modified_gmt":"2025-08-13T15:38:35","slug":"busse-shuttle-oepnv","status":"publish","type":"post","link":"https:\/\/www.summer-breeze.de\/de\/news\/busse-shuttle-oepnv-226224\/","title":{"rendered":"BUSSE &#8211; SHUTTLE &#8211; \u00d6PNV"},"content":{"rendered":"<p><span style=\"text-decoration: underline;\"><strong>Anreise und Abreise mit \u00f6ffentlichen Verkehrsmitteln und Sonderlinien<\/strong><br \/>\n<\/span><\/p>\n<p>Unter <a href=\"https:\/\/www.bahn.de\/\">BAHN.DE<\/a> sind alle Sonderfahrten direkt zum Festivalgel\u00e4nde vermerkt. Unser Tipp: Anreise \u00fcber Ellwangen.<\/p>\n<p class=\"p1\"><strong>Wichtige Information fu\u0308r die Verbindungssuche bei bahn.de:<\/strong><br \/>\n<strong>Anreise: als Ziel \u201e<a href=\"https:\/\/www.bahn.de\/buchung\/start?intern=1#?ZO=Summer%20Breeze%20Eingang%2C%20Dinkelsb%C3%BChl\">SUMMER BREEZE Eingang, Dinkelsb\u00fchl<\/a>\u201c (Mit Klick gelangt ihr zum Bahnportal mit korrekt eingetragenem Zielpunkt)<\/strong><br \/>\n<strong>Abreise: als Start \u201e<a href=\"https:\/\/www.bahn.de\/buchung\/start?intern=1#?SO=Metal+Station+Schie%C3%9Fwasen\">Dinkelsbu\u0308hl Schiesswasen<\/a>\u201c (Mit Klick gelangt ihr zum Bahnportal mit korrekt eingetragenem Startpunkt)<\/strong><\/p>\n<p>Wenn ihr Linienbusse nehmt, dann k\u00f6nnt ihr in Dinkelsb\u00fchl auf den Shuttlebus zum Festivalgel\u00e4nde umsteigen.<br \/>\nWir empfehlen folgende St\u00e4dte als Startpunkt nach Dinkelsb\u00fchl: Ellwangen, Ansbach, Crailsheim, Domb\u00fchl<\/p>\n<p><a href=\"https:\/\/www.summer-breeze.de\/wp-content\/uploads\/2025\/07\/21\/Anreise_SummerBreeze_DinA4.pdf\"><img loading=\"lazy\" decoding=\"async\" class=\"alignnone wp-image-226218\" src=\"https:\/\/www.summer-breeze.de\/wp-content\/uploads\/2025\/07\/21\/Anreise_WebPreview_1215x735.jpg\" alt=\"\" width=\"350\" height=\"212\" srcset=\"https:\/\/www.summer-breeze.de\/wp-content\/uploads\/2025\/07\/21\/Anreise_WebPreview_1215x735.jpg 1215w, https:\/\/www.summer-breeze.de\/wp-content\/uploads\/2025\/07\/21\/Anreise_WebPreview_1215x735-600x363.jpg 600w, https:\/\/www.summer-breeze.de\/wp-content\/uploads\/2025\/07\/21\/Anreise_WebPreview_1215x735-900x544.jpg 900w, https:\/\/www.summer-breeze.de\/wp-content\/uploads\/2025\/07\/21\/Anreise_WebPreview_1215x735-405x245.jpg 405w, https:\/\/www.summer-breeze.de\/wp-content\/uploads\/2025\/07\/21\/Anreise_WebPreview_1215x735-768x465.jpg 768w, https:\/\/www.summer-breeze.de\/wp-content\/uploads\/2025\/07\/21\/Anreise_WebPreview_1215x735-1200x726.jpg 1200w, https:\/\/www.summer-breeze.de\/wp-content\/uploads\/2025\/07\/21\/Anreise_WebPreview_1215x735-810x490.jpg 810w\" sizes=\"auto, (max-width: 350px) 100vw, 350px\" \/><\/a><br \/>\nMit Klick auf die Grafik gelangst du zu detaillierten Anreise-Fahrplaninfos<\/p>\n<p><a href=\"https:\/\/www.summer-breeze.de\/wp-content\/uploads\/2025\/07\/21\/Abreise_SummerBreeze_DinA4.pdf\"><img loading=\"lazy\" decoding=\"async\" class=\"alignnone wp-image-226216\" src=\"https:\/\/www.summer-breeze.de\/wp-content\/uploads\/2025\/07\/21\/Abreise_WebPreview_1215x735.jpg\" alt=\"\" width=\"350\" height=\"212\" srcset=\"https:\/\/www.summer-breeze.de\/wp-content\/uploads\/2025\/07\/21\/Abreise_WebPreview_1215x735.jpg 1215w, https:\/\/www.summer-breeze.de\/wp-content\/uploads\/2025\/07\/21\/Abreise_WebPreview_1215x735-600x363.jpg 600w, https:\/\/www.summer-breeze.de\/wp-content\/uploads\/2025\/07\/21\/Abreise_WebPreview_1215x735-900x544.jpg 900w, https:\/\/www.summer-breeze.de\/wp-content\/uploads\/2025\/07\/21\/Abreise_WebPreview_1215x735-405x245.jpg 405w, https:\/\/www.summer-breeze.de\/wp-content\/uploads\/2025\/07\/21\/Abreise_WebPreview_1215x735-768x465.jpg 768w, https:\/\/www.summer-breeze.de\/wp-content\/uploads\/2025\/07\/21\/Abreise_WebPreview_1215x735-1200x726.jpg 1200w, https:\/\/www.summer-breeze.de\/wp-content\/uploads\/2025\/07\/21\/Abreise_WebPreview_1215x735-810x490.jpg 810w\" sizes=\"auto, (max-width: 350px) 100vw, 350px\" \/><\/a><br \/>\nMit Klick auf die Grafik gelangst du zu detaillierten Abreise-Fahrplaninfos<\/p>\n<p>Fragen zum Thema k\u00f6nnen auch direkt mit dem Busunternehmen gekl\u00e4rt werden: <u><a title=\"mailto:summerbreeze@fmobus.de\" href=\"mailto:summerbreeze@fmobus.de\" data-outlook-id=\"9a9abbfb-fc56-437e-b685-df64d4e03e22\">summerbreeze@fmobus.de<\/a><\/u><br \/>\n(Zus\u00e4tzlich sind die Fahrten im <a href=\"https:\/\/www.bahn.de\/\">BAHN.DE<\/a> System vermerkt.)<\/p>\n<p>Die Haltestelle befindet sich in der N\u00e4he zum Eingang zum Festivalgel\u00e4nde und ist ebenfalls auf dem Gel\u00e4ndeplan vermerkt.<\/p>\n<p><span style=\"text-decoration: underline;\"><strong>Kostenlose Shuttlebusse zwischen Festivalgel\u00e4nde und Dinkelsb\u00fchl (bei Tag)<\/strong><\/span><\/p>\n<p><a href=\"https:\/\/www.summer-breeze.de\/wp-content\/uploads\/2025\/07\/21\/Shuttle_Tag_DinA4.pdf\"><img loading=\"lazy\" decoding=\"async\" class=\"alignnone wp-image-226222\" src=\"https:\/\/www.summer-breeze.de\/wp-content\/uploads\/2025\/07\/21\/ShuttleBusse_WebPreview_1215x735.jpg\" alt=\"\" width=\"350\" height=\"212\" srcset=\"https:\/\/www.summer-breeze.de\/wp-content\/uploads\/2025\/07\/21\/ShuttleBusse_WebPreview_1215x735.jpg 1215w, https:\/\/www.summer-breeze.de\/wp-content\/uploads\/2025\/07\/21\/ShuttleBusse_WebPreview_1215x735-600x363.jpg 600w, https:\/\/www.summer-breeze.de\/wp-content\/uploads\/2025\/07\/21\/ShuttleBusse_WebPreview_1215x735-900x544.jpg 900w, https:\/\/www.summer-breeze.de\/wp-content\/uploads\/2025\/07\/21\/ShuttleBusse_WebPreview_1215x735-405x245.jpg 405w, https:\/\/www.summer-breeze.de\/wp-content\/uploads\/2025\/07\/21\/ShuttleBusse_WebPreview_1215x735-768x465.jpg 768w, https:\/\/www.summer-breeze.de\/wp-content\/uploads\/2025\/07\/21\/ShuttleBusse_WebPreview_1215x735-1200x726.jpg 1200w, https:\/\/www.summer-breeze.de\/wp-content\/uploads\/2025\/07\/21\/ShuttleBusse_WebPreview_1215x735-810x490.jpg 810w\" sizes=\"auto, (max-width: 350px) 100vw, 350px\" \/><\/a><br \/>\nMit Klick auf die Grafik gelangst du zu detaillierten Shuttle-Fahrplaninfos<\/p>\n<p><span style=\"text-decoration: underline;\"><strong>Kostenpflichtige Shuttlebusse zwischen Festivalgel\u00e4nde und Dinkelsb\u00fchl (bei Nacht)<\/strong><\/span><\/p>\n<p><a href=\"https:\/\/www.summer-breeze.de\/wp-content\/uploads\/2025\/07\/21\/Shuttle_Nacht_DinA4.pdf\"><img loading=\"lazy\" decoding=\"async\" class=\"alignnone wp-image-226219\" src=\"https:\/\/www.summer-breeze.de\/wp-content\/uploads\/2025\/07\/21\/NightShuttle_WebPreview_1215x735.jpg\" alt=\"\" width=\"350\" height=\"212\" srcset=\"https:\/\/www.summer-breeze.de\/wp-content\/uploads\/2025\/07\/21\/NightShuttle_WebPreview_1215x735.jpg 1215w, https:\/\/www.summer-breeze.de\/wp-content\/uploads\/2025\/07\/21\/NightShuttle_WebPreview_1215x735-600x363.jpg 600w, https:\/\/www.summer-breeze.de\/wp-content\/uploads\/2025\/07\/21\/NightShuttle_WebPreview_1215x735-900x544.jpg 900w, https:\/\/www.summer-breeze.de\/wp-content\/uploads\/2025\/07\/21\/NightShuttle_WebPreview_1215x735-405x245.jpg 405w, https:\/\/www.summer-breeze.de\/wp-content\/uploads\/2025\/07\/21\/NightShuttle_WebPreview_1215x735-768x465.jpg 768w, https:\/\/www.summer-breeze.de\/wp-content\/uploads\/2025\/07\/21\/NightShuttle_WebPreview_1215x735-1200x726.jpg 1200w, https:\/\/www.summer-breeze.de\/wp-content\/uploads\/2025\/07\/21\/NightShuttle_WebPreview_1215x735-810x490.jpg 810w\" sizes=\"auto, (max-width: 350px) 100vw, 350px\" \/><\/a><br \/>\nMit Klick auf die Grafik gelangst du zu detaillierten Shuttle-Fahrplaninfos<\/p>\n<p><strong><span style=\"text-decoration: underline;\">Bustransfers STUTTGART \/ N\u00dcRNBERG<br \/>\n<\/span><\/strong><br \/>\nBusreisen mit MONDIAL &#8211; Fahrplan und Infos: <a href=\"https:\/\/www.mondialevents.de\/de\/summer-breeze-festival\/\" target=\"_blank\" rel=\"noopener noreferrer\">www.mondialevents.de<\/a><\/p>","protected":false},"excerpt":{"rendered":"<p>Anreise und Abreise mit \u00f6ffentlichen Verkehrsmitteln und Sonderlinien Unter BAHN.DE sind alle Sonderfahrten direkt zum Festivalgel\u00e4nde vermerkt. Unser Tipp: Anreise \u00fcber Ellwangen. Wichtige Information fu\u0308r die Verbindungssuche bei bahn.de: Anreise: als Ziel \u201eSUMMER BREEZE Eingang, Dinkelsb\u00fchl\u201c (Mit Klick gelangt ihr zum Bahnportal mit korrekt eingetragenem Zielpunkt) Abreise: als Start \u201eDinkelsbu\u0308hl Schiesswasen\u201c (Mit Klick gelangt ihr [&hellip;]<\/p>\n","protected":false},"author":7,"featured_media":226223,"comment_status":"closed","ping_status":"closed","sticky":false,"template":"","format":"standard","meta":{"footnotes":""},"categories":[2],"tags":[],"class_list":["post-226224","post","type-post","status-publish","format-standard","has-post-thumbnail","hentry","category-news"],"_links":{"self":[{"href":"https:\/\/www.summer-breeze.de\/de\/wp-json\/wp\/v2\/posts\/226224","targetHints":{"allow":["GET"]}}],"collection":[{"href":"https:\/\/www.summer-breeze.de\/de\/wp-json\/wp\/v2\/posts"}],"about":[{"href":"https:\/\/www.summer-breeze.de\/de\/wp-json\/wp\/v2\/types\/post"}],"author":[{"embeddable":true,"href":"https:\/\/www.summer-breeze.de\/de\/wp-json\/wp\/v2\/users\/7"}],"replies":[{"embeddable":true,"href":"https:\/\/www.summer-breeze.de\/de\/wp-json\/wp\/v2\/comments?post=226224"}],"version-history":[{"count":0,"href":"https:\/\/www.summer-breeze.de\/de\/wp-json\/wp\/v2\/posts\/226224\/revisions"}],"wp:featuredmedia":[{"embeddable":true,"href":"https:\/\/www.summer-breeze.de\/de\/wp-json\/wp\/v2\/media\/226223"}],"wp:attachment":[{"href":"https:\/\/www.summer-breeze.de\/de\/wp-json\/wp\/v2\/media?parent=226224"}],"wp:term":[{"taxonomy":"category","embeddable":true,"href":"https:\/\/www.summer-breeze.de\/de\/wp-json\/wp\/v2\/categories?post=226224"},{"taxonomy":"post_tag","embeddable":true,"href":"https:\/\/www.summer-breeze.de\/de\/wp-json\/wp\/v2\/tags?post=226224"}],"curies":[{"name":"wp","href":"https:\/\/api.w.org\/{rel}","templated":true}]}}