{"id":227857,"date":"2025-08-17T11:59:24","date_gmt":"2025-08-17T09:59:24","guid":{"rendered":"https:\/\/www.summer-breeze.de\/?p=227857"},"modified":"2025-08-16T22:51:13","modified_gmt":"2025-08-16T20:51:13","slug":"danke-5","status":"publish","type":"post","link":"https:\/\/www.summer-breeze.de\/de\/news\/danke-5-227857\/","title":{"rendered":"DANKE!"},"content":{"rendered":"<p>Liebe Freundinnen, Freunde und Fans,<br \/>\nliebe SUMMER BREEZE Familie,<\/p>\n<p>Das SUMMER BREEZE 2025 ist Geschichte \u2013 und ihr habt es zu einem wundervollen Ausnahmejahr gemacht!<\/p>\n<p>Die Sonne hat uns m\u00e4chtig eingeheizt und das SUMMER BREEZE in ihrer Kraft erstrahlen lassen. Der Staub hat getanzt. Und ihr habt einfach noch mehr getanzt. Eure Energie, eure Freude und euer Durchhalteverm\u00f6gen haben das Festivalgel\u00e4nde zum Beben gebracht. Genau diese Stimmung macht euch zu den besten Fans, die man sich w\u00fcnschen kann!<\/p>\n<p>Der kleine Regenschauer am Freitag war da die willkommene Abk\u00fchlung, die neue Kraft f\u00fcr ein fulminantes Finale am Samstag geschenkt hat. Wir haben also nicht nur Gl\u00fcck mit dem besten Publikum, sondern auch mit dem Wetter!<\/p>\n<p>Herausfordernd waren die Wochen der Vorbereitung, die von Regen gepr\u00e4gt waren. Wir sind sehr stolz auf unser Team, das unsere SUMMER BREEZE Kleinstadt dennoch mit au\u00dfergew\u00f6hnlichem Engagement rechtzeitig f\u00fcr euch fertiggestellt hat.<\/p>\n<p>In diesem Jahr wollten wir euch nicht nur mit einem starken Line-up, sondern auch mit Neuerungen und Besonderheiten \u00fcberraschen: Unserem Pop-Up-Store in der Dinkelsb\u00fchler Altstadt, mit Metal Yoga, Metal Fitness und Harsh Vocal Coaching. Egal ob auf dem Infield, im Camp oder dem traumhaften Dinkelsb\u00fchl \u2013 \u00fcberall war diese Mischung aus purer Lebensfreude, Zusammenhalt und echter Metal-Leidenschaft zu sp\u00fcren.<\/p>\n<p>Ein riesiges Dankesch\u00f6n f\u00fcr euer Mithelfen, dass die Anreise auch in diesem Jahr so reibungslos vonstatten ging! Wir haben unser Bestes gegeben, um alle so z\u00fcgig wie m\u00f6glich auf den Campingplatz, euer vor\u00fcbergehendes Zuhause, zu bringen.<\/p>\n<p>Das wahre Herzst\u00fcck des SUMMER BREEZE seid ihr!<\/p>\n<p>Eure unglaubliche Energie und eure Herzlichkeit haben aus einem Festivalgel\u00e4nde eine Heimat f\u00fcr zehntausende wunderbare Menschen gemacht. Wie ihr miteinander umgegangen seid mit selbstloser Hilfsbereitschaft, mit eurer aufgeschlossenen Art war unvergleichlich. Die Gemeinschaft, die wir zusammen leben d\u00fcrfen, ist einzigartig. Auch eure Unterst\u00fctzung beim Foodsharing und Crowdfunding war \u00fcberw\u00e4ltigend, und dass ihr eure Camps mittlerweile so sauber hinterlasst, ist fest in der SUMMER BREEZE-Kultur verankert und macht uns unglaublich stolz. Von ganzem Herzen DANKE an jede und jeden einzelnen von euch!<\/p>\n<p>Unser Dank gilt nat\u00fcrlich auch den vielen Beteiligten und helfenden H\u00e4nden: Allen Musikerinnen und Musikern, Technikerinnen und Technikern, Crews, Security-Teams, H\u00e4ndlerinnen und H\u00e4ndlern, Putzkolonnen, unseren Pressepartnern, Sponsoren und Pr\u00e4sentatoren.<\/p>\n<p>Ohne euch alle w\u00e4re dieses Festival nicht m\u00f6glich \u2013 ihr seid ein ganz wichtiger Teil unserer Familie.<\/p>\n<p>Wir hoffen, ihr seid gesund nach Hause gekommen, voller Erinnerungen und Geschichten, die euch bis zum n\u00e4chsten August begleiten und lebenslang im Herzen bleiben werden.<\/p>\n<p>Lasst uns gerne wissen, wie ihr das SUMMER BREEZE 2025 erlebt habt \u2013 euer Feedback ist Gold wert und flie\u00dft direkt in die Planung f\u00fcr n\u00e4chstes Jahr ein.<\/p>\n<p><strong>SAVE THE DATE &amp; GET YOUR TICKET:<\/strong><br \/>\nDas SUMMER BREEZE Open Air 2026 findet vom <strong>12. \u2013 15. August 2026<\/strong> statt!<br \/>\nVVK-Start: 18.08. 18:00 Uhr auf <a title=\"https:\/\/www.summer-breeze.shop\/\" href=\"https:\/\/www.summer-breeze.shop\" target=\"_blank\" rel=\"noreferrer noopener\">www.summer-breeze.shop<\/a><br \/>\nEARLY BIRD Phase (bis maximal 08.09.2025 \u2013 18:00 Uhr)<\/p>\n<p>199,99\u20ac (249,99\u20ac)\u00a0(inklusive Camping)<\/p>\n<p>Sch\u00f6n, dass es euch gibt.<br \/>\n<strong>Ihr seid der Hammer!<\/p>\n<p><\/strong>Eure<br \/>\n<strong>SUMMER BREEZE Crew<\/strong><\/p>\n<p>&nbsp;<\/p>\n<p><span data-teams=\"true\">\u00a0<\/span><\/p>","protected":false},"excerpt":{"rendered":"<p>Liebe Freundinnen, Freunde und Fans, liebe SUMMER BREEZE Familie, Das SUMMER BREEZE 2025 ist Geschichte \u2013 und ihr habt es zu einem wundervollen Ausnahmejahr gemacht! Die Sonne hat uns m\u00e4chtig eingeheizt und das SUMMER BREEZE in ihrer Kraft erstrahlen lassen. Der Staub hat getanzt. Und ihr habt einfach noch mehr getanzt. Eure Energie, eure Freude [&hellip;]<\/p>\n","protected":false},"author":7,"featured_media":227858,"comment_status":"closed","ping_status":"closed","sticky":false,"template":"","format":"standard","meta":{"footnotes":""},"categories":[2],"tags":[],"class_list":["post-227857","post","type-post","status-publish","format-standard","has-post-thumbnail","hentry","category-news"],"_links":{"self":[{"href":"https:\/\/www.summer-breeze.de\/de\/wp-json\/wp\/v2\/posts\/227857","targetHints":{"allow":["GET"]}}],"collection":[{"href":"https:\/\/www.summer-breeze.de\/de\/wp-json\/wp\/v2\/posts"}],"about":[{"href":"https:\/\/www.summer-breeze.de\/de\/wp-json\/wp\/v2\/types\/post"}],"author":[{"embeddable":true,"href":"https:\/\/www.summer-breeze.de\/de\/wp-json\/wp\/v2\/users\/7"}],"replies":[{"embeddable":true,"href":"https:\/\/www.summer-breeze.de\/de\/wp-json\/wp\/v2\/comments?post=227857"}],"version-history":[{"count":0,"href":"https:\/\/www.summer-breeze.de\/de\/wp-json\/wp\/v2\/posts\/227857\/revisions"}],"wp:featuredmedia":[{"embeddable":true,"href":"https:\/\/www.summer-breeze.de\/de\/wp-json\/wp\/v2\/media\/227858"}],"wp:attachment":[{"href":"https:\/\/www.summer-breeze.de\/de\/wp-json\/wp\/v2\/media?parent=227857"}],"wp:term":[{"taxonomy":"category","embeddable":true,"href":"https:\/\/www.summer-breeze.de\/de\/wp-json\/wp\/v2\/categories?post=227857"},{"taxonomy":"post_tag","embeddable":true,"href":"https:\/\/www.summer-breeze.de\/de\/wp-json\/wp\/v2\/tags?post=227857"}],"curies":[{"name":"wp","href":"https:\/\/api.w.org\/{rel}","templated":true}]}}