{"id":231477,"date":"2026-09-05T09:30:10","date_gmt":"2026-09-05T07:30:10","guid":{"rendered":"https:\/\/www.summer-breeze.de\/?p=231477"},"modified":"2026-09-05T09:31:41","modified_gmt":"2026-09-05T07:31:41","slug":"das-summer-breeze-2027-ist-in-rekordzeit-ausverkauft","status":"publish","type":"post","link":"https:\/\/www.summer-breeze.de\/de\/news\/das-summer-breeze-2027-ist-in-rekordzeit-ausverkauft-231477\/","title":{"rendered":"DAS SUMMER BREEZE 2027 IST IN REKORDZEIT AUSVERKAUFT!"},"content":{"rendered":"<p>Wahnsinn! Wir freuen uns riesig euch mitteilen zu k\u00f6nnen, dass alle Festivaltickets f\u00fcr das SUMMER BREEZE 2027 ausverkauft sind. Damit schreiben wir Geschichte, denn erstmals \u00fcberhaupt k\u00f6nnen wir bereits Anfang September &#8222;Sold Out&#8220; melden.<\/p>\n<p>Euer Vertrauen und eure Treue \u00fcberw\u00e4ltigen uns. Dass ihr euch so fr\u00fch f\u00fcr das SUMMER BREEZE entscheidet ist alles andere als selbstverst\u00e4ndlich. Vielen Dank daf\u00fcr!<\/p>\n<p>Die Vorfreude auf unser 30-j\u00e4hriges Jubil\u00e4um im n\u00e4chsten Jahr ist schon jetzt riesig.<\/p>\n<p>Damit sind keine Festivaltickets f\u00fcr alle Tage inkl. Camping mehr verf\u00fcgbar. Wer dennoch dabei sein m\u00f6chte: Tagestickets werden in limitierter Anzahl zu einem sp\u00e4teren Zeitpunkt erh\u00e4ltlich sein.<\/p>","protected":false},"excerpt":{"rendered":"<p>Wahnsinn! Wir freuen uns riesig euch mitteilen zu k\u00f6nnen, dass alle Festivaltickets f\u00fcr das SUMMER BREEZE 2027 ausverkauft sind. Damit schreiben wir Geschichte, denn erstmals \u00fcberhaupt k\u00f6nnen wir bereits Anfang September &#8222;Sold Out&#8220; melden. Euer Vertrauen und eure Treue \u00fcberw\u00e4ltigen uns. Dass ihr euch so fr\u00fch f\u00fcr das SUMMER BREEZE entscheidet ist alles andere als [&hellip;]<\/p>\n","protected":false},"author":40,"featured_media":231478,"comment_status":"closed","ping_status":"closed","sticky":false,"template":"","format":"standard","meta":{"footnotes":""},"categories":[2],"tags":[],"class_list":["post-231477","post","type-post","status-publish","format-standard","has-post-thumbnail","hentry","category-news"],"_links":{"self":[{"href":"https:\/\/www.summer-breeze.de\/de\/wp-json\/wp\/v2\/posts\/231477","targetHints":{"allow":["GET"]}}],"collection":[{"href":"https:\/\/www.summer-breeze.de\/de\/wp-json\/wp\/v2\/posts"}],"about":[{"href":"https:\/\/www.summer-breeze.de\/de\/wp-json\/wp\/v2\/types\/post"}],"author":[{"embeddable":true,"href":"https:\/\/www.summer-breeze.de\/de\/wp-json\/wp\/v2\/users\/40"}],"replies":[{"embeddable":true,"href":"https:\/\/www.summer-breeze.de\/de\/wp-json\/wp\/v2\/comments?post=231477"}],"version-history":[{"count":0,"href":"https:\/\/www.summer-breeze.de\/de\/wp-json\/wp\/v2\/posts\/231477\/revisions"}],"wp:featuredmedia":[{"embeddable":true,"href":"https:\/\/www.summer-breeze.de\/de\/wp-json\/wp\/v2\/media\/231478"}],"wp:attachment":[{"href":"https:\/\/www.summer-breeze.de\/de\/wp-json\/wp\/v2\/media?parent=231477"}],"wp:term":[{"taxonomy":"category","embeddable":true,"href":"https:\/\/www.summer-breeze.de\/de\/wp-json\/wp\/v2\/categories?post=231477"},{"taxonomy":"post_tag","embeddable":true,"href":"https:\/\/www.summer-breeze.de\/de\/wp-json\/wp\/v2\/tags?post=231477"}],"curies":[{"name":"wp","href":"https:\/\/api.w.org\/{rel}","templated":true}]}}